{"id":492,"date":"2024-07-01T21:34:22","date_gmt":"2024-07-02T00:34:22","guid":{"rendered":"https:\/\/mariapien.com.ar\/?p=492"},"modified":"2024-07-02T00:56:39","modified_gmt":"2024-07-02T03:56:39","slug":"rec-vp-1-nombrar","status":"publish","type":"post","link":"https:\/\/mariapien.com.ar\/index.php\/2024\/07\/01\/rec-vp-1-nombrar\/","title":{"rendered":"REC\/ VP 1\/ Nombrar"},"content":{"rendered":"<h3>Este post es el primero de una serie de once, en la que recopilo textos (los primeros cinco fueron subidos originalmente a ig) y material de archivo en torno a cada una de las canciones de &#8216;<em>Recordar\/ Volver a pasar&#8217;.<\/em><\/h3>\n<hr \/>\n<blockquote>\n<h4><span style=\"color: #003366;\">Nunca tires tus viejos cuadernos.<\/span><br \/>\n<span style=\"color: #003366;\">No se puede con todo.<\/span><br \/>\n<span style=\"color: #003366;\">Hago dibujos porque no entiendo nada.<\/span><\/h4>\n<\/blockquote>\n<p class=\"p1\"><i>\u2018Nombrar<\/i>\u2019 es quiz\u00e1 una de las canciones m\u00e1s representativas del proceso de creaci\u00f3n de <i>Recordar\/ Volver a pasar<\/i>. Siento que, m\u00e1s que compuesta, fue ensamblada o <i>cosida<\/i>, a partir de escritos fragmentarios de los meses posteriores a la muerte de mi viejo. Siempre me pareci\u00f3 que esa forma de construcci\u00f3n se asemeja -aunque con otra materia prima y procedimientos- al patchwork, analog\u00eda que me gusta especialmente porque me hace pensar en los acolchados sensibles que confecciona mi amiga Emilia, mentora y fuente de inspiraci\u00f3n fundamental para la existencia de este disco, y autora de los dibujos de las tapas.<span class=\"Apple-converted-space\">\u00a0<\/span><\/p>\n<p class=\"p1\">Ese ensamblado me tom\u00f3 mucho, mucho tiempo. Nunca me tom\u00f3 tantos a\u00f1os dar con la forma definitiva de una canci\u00f3n. Obviamente estuve cerca de abandonar la tarea varias veces\u2026 Me veo sentada mirando el papel (probablemente alguno de los borradores de las fotos) no encontr\u00e1ndole la vuelta, sinti\u00e9ndome terca y est\u00fapida, porque \u00bfpara qu\u00e9 seguir intentando con esta cosa extra\u00f1a y dif\u00edcil de cantar?, si total \u00bfqu\u00e9 valor puede tener esto, que s\u00f3lo me interesa a m\u00ed?<span class=\"Apple-converted-space\">\u00a0<\/span><\/p>\n<p class=\"p1\">Me doy cuenta de que el tiempo es el condimento esencial, los a\u00f1os en que hice otras cosas mientras esas palabras -y las melod\u00edas que ellas me insinuaban- quedaron macerando, pacientes. Con el tiempo, y por la propia insistencia de algo que parad\u00f3jicamente no s\u00e9 si puedo nombrar, pero que intuyo se parece a fuerza de la vida que quiere seguir viva, lleg\u00f3 la certeza de que -a\u00fan si fuera cierto que esto s\u00f3lo me interesaba a m\u00ed- contar y cantar esta historia era importante. Lo sent\u00ed el d\u00eda en el que finalmente pude tocarla de principio a fin, entendiendo sus cambios de humor, sus pausas, su \u00e9pica. Lo sent\u00ed durante el proceso de ensayo previo a la primera sesi\u00f3n de grabaci\u00f3n, en la primavera de 2020.<span class=\"Apple-converted-space\">\u00a0<\/span><\/p>\n<p class=\"p1\">Grab\u00e9 las guitarras de casi todas las canciones de este disco los d\u00edas 24 y 25 de octubre de ese a\u00f1o, en sincronicidad con el que hubiera sido el cumplea\u00f1os n\u00b0 80 de mi pap\u00e1 (el 25). Guli me grab\u00f3, y fue indispensable, fue una de las pocas sesiones en las que tuve asistencia. No habr\u00eda podido dejar plasmados esos cimientos de un tir\u00f3n estando sola, y tener a alguien de tanta confianza sentado en las perillas fue important\u00edsimo. Decor\u00e9 la sala con fotos y velas, y los cuadernos. Me prepar\u00e9 mucho para llegar bien a esa sesi\u00f3n, la concentraci\u00f3n fue total.<span class=\"Apple-converted-space\">\u00a0<\/span><\/p>\n<p class=\"p1\">A partir de ese momento, cada elemento fue introducido con la misma paciencia antes invocada para darle forma. Una de las primeras personas a las que convoqu\u00e9 fue Juani, que entendi\u00f3 todo. Si el disco es una obra de teatro, siempre tuve claro que el bandone\u00f3n iba a ser un personaje importante: un espectro de la memoria emotiva rioplatense. As\u00ed se lo transmit\u00ed, y a partir de nuestras charlas, y de algunos audios con melod\u00edas cantadas, Juan arm\u00f3 sus arreglos fant\u00e1sticos. La bata la toc\u00f3 Guli, con el pedido espec\u00edfico del <i>redoblante marcial<\/i> en la parte que casi parece un estribillo (y es algo as\u00ed como un eco del estribillo de <i>Un minuto<\/i>, por si no lo hab\u00edan notado). La bater\u00eda y los platos de Melli embellecieron, se vinieron con Lucas desde Bernal para prest\u00e1rnosla. El piano lo grab\u00f3 Flor en el estudio de Euge Reynal, sent\u00ed que se necesitaba un piano <i>de verdad<\/i>,<i> <\/i>y que lo haya tocado ella me hace bien. El bajo tambi\u00e9n lo toc\u00f3 Guli, me rescat\u00f3 despu\u00e9s de varios intentos frustrantes y sac\u00f3 de la galera el motivo espectacular de la parte B. Por \u00faltimo, se sum\u00f3 Bruno con esos cellos beatleros, y as\u00ed qued\u00f3 coronado el equipo de sensibles de esta canci\u00f3n.<span class=\"Apple-converted-space\">\u00a0<\/span><\/p>\n<p class=\"p1\">Para concluir el relato de la grabaci\u00f3n, puedo contar que, gracias al tutorial de YouTube de Ale Sergi, desde a\u00f1os grabo las voces por triplicado, y las grabo sola. Es un momento de m\u00e1xima entrega, placer, concentraci\u00f3n y neurosis que comparto conmigo. Hay nueve canales de voces entre la principal y los coros de \u2018<i>Nombrar<\/i>\u2019, y los grab\u00e9 completos tres veces. Ni una sola de las 27 tomas fue en vano.<span class=\"Apple-converted-space\">\u00a0<\/span><\/p>\n<p class=\"p1\">Abro una p\u00e1gina al azar de mi cuaderno de 2017 y leo dos frases, que estoy segura de haber escuchado o le\u00eddo por medio de Paloma Todd:<span class=\"Apple-converted-space\">\u00a0<\/span><\/p>\n<p class=\"p1\"><i>\u201cEl universo est\u00e1 hecho de historias, no de \u00e1tomos\u201d &#8211; <\/i>Muriel Rukeyser<\/p>\n<p class=\"p1\"><i>\u201cNo hay mayor agon\u00eda que llevar una historia no contada dentro de ti\u201d.<span class=\"Apple-converted-space\"> &#8211; <\/span><\/i>Maya Angelou<\/p>\n<p>&nbsp;<\/p>\n<p><img decoding=\"async\" loading=\"lazy\" class=\"aligncenter size-full wp-image-496\" src=\"https:\/\/mariapien.com.ar\/wp-content\/uploads\/2024\/07\/Captura-de-Pantalla-2024-07-01-a-las-21.20.03.png\" alt=\"\" width=\"523\" height=\"679\" srcset=\"https:\/\/mariapien.com.ar\/wp-content\/uploads\/2024\/07\/Captura-de-Pantalla-2024-07-01-a-las-21.20.03.png 523w, https:\/\/mariapien.com.ar\/wp-content\/uploads\/2024\/07\/Captura-de-Pantalla-2024-07-01-a-las-21.20.03-480x623.png 480w\" sizes=\"(min-width: 0px) and (max-width: 480px) 480px, (min-width: 481px) 523px, 100vw\" \/><\/p>\n<p><img decoding=\"async\" loading=\"lazy\" class=\"size-medium wp-image-493 alignleft\" src=\"https:\/\/mariapien.com.ar\/wp-content\/uploads\/2024\/07\/Captura-de-Pantalla-2024-07-01-a-las-21.19.31-300x186.png\" alt=\"\" width=\"300\" height=\"186\" srcset=\"https:\/\/mariapien.com.ar\/wp-content\/uploads\/2024\/07\/Captura-de-Pantalla-2024-07-01-a-las-21.19.31-300x186.png 300w, https:\/\/mariapien.com.ar\/wp-content\/uploads\/2024\/07\/Captura-de-Pantalla-2024-07-01-a-las-21.19.31.png 417w\" sizes=\"(max-width: 300px) 100vw, 300px\" \/> <img decoding=\"async\" loading=\"lazy\" class=\"size-medium wp-image-494 alignleft\" src=\"https:\/\/mariapien.com.ar\/wp-content\/uploads\/2024\/07\/Captura-de-Pantalla-2024-07-01-a-las-21.19.39-270x300.png\" alt=\"\" width=\"270\" height=\"300\" \/> <img decoding=\"async\" loading=\"lazy\" class=\"size-medium wp-image-495 alignleft\" src=\"https:\/\/mariapien.com.ar\/wp-content\/uploads\/2024\/07\/Captura-de-Pantalla-2024-07-01-a-las-21.19.53-300x249.png\" alt=\"\" width=\"300\" height=\"249\" \/> <img decoding=\"async\" loading=\"lazy\" class=\"size-medium wp-image-498 alignright\" src=\"https:\/\/mariapien.com.ar\/wp-content\/uploads\/2024\/07\/Captura-de-Pantalla-2024-07-01-a-las-21.20.43-300x114.png\" alt=\"\" width=\"300\" height=\"114\" \/><img decoding=\"async\" loading=\"lazy\" class=\"size-medium wp-image-497 alignright\" src=\"https:\/\/mariapien.com.ar\/wp-content\/uploads\/2024\/07\/Captura-de-Pantalla-2024-07-01-a-las-21.20.33-300x115.png\" alt=\"\" width=\"300\" height=\"115\" \/><img decoding=\"async\" loading=\"lazy\" class=\"aligncenter wp-image-499\" src=\"https:\/\/mariapien.com.ar\/wp-content\/uploads\/2024\/07\/Captura-de-Pantalla-2024-07-01-a-las-21.21.16.png\" alt=\"\" width=\"400\" height=\"260\" \/><\/p>\n","protected":false},"excerpt":{"rendered":"<p>Este post es el primero de una serie de once, en la que recopilo textos (los primeros cinco fueron subidos originalmente a ig) y material de archivo en torno a cada una de las canciones de &#8216;Recordar\/ Volver a pasar&#8217;. Nunca tires tus viejos cuadernos. No se puede con todo. Hago dibujos porque no entiendo [&hellip;]<\/p>\n","protected":false},"author":1,"featured_media":0,"comment_status":"closed","ping_status":"open","sticky":false,"template":"","format":"standard","meta":{"_et_pb_use_builder":"","_et_pb_old_content":"","_et_gb_content_width":""},"categories":[5],"tags":[],"_links":{"self":[{"href":"https:\/\/mariapien.com.ar\/index.php\/wp-json\/wp\/v2\/posts\/492"}],"collection":[{"href":"https:\/\/mariapien.com.ar\/index.php\/wp-json\/wp\/v2\/posts"}],"about":[{"href":"https:\/\/mariapien.com.ar\/index.php\/wp-json\/wp\/v2\/types\/post"}],"author":[{"embeddable":true,"href":"https:\/\/mariapien.com.ar\/index.php\/wp-json\/wp\/v2\/users\/1"}],"replies":[{"embeddable":true,"href":"https:\/\/mariapien.com.ar\/index.php\/wp-json\/wp\/v2\/comments?post=492"}],"version-history":[{"count":13,"href":"https:\/\/mariapien.com.ar\/index.php\/wp-json\/wp\/v2\/posts\/492\/revisions"}],"predecessor-version":[{"id":514,"href":"https:\/\/mariapien.com.ar\/index.php\/wp-json\/wp\/v2\/posts\/492\/revisions\/514"}],"wp:attachment":[{"href":"https:\/\/mariapien.com.ar\/index.php\/wp-json\/wp\/v2\/media?parent=492"}],"wp:term":[{"taxonomy":"category","embeddable":true,"href":"https:\/\/mariapien.com.ar\/index.php\/wp-json\/wp\/v2\/categories?post=492"},{"taxonomy":"post_tag","embeddable":true,"href":"https:\/\/mariapien.com.ar\/index.php\/wp-json\/wp\/v2\/tags?post=492"}],"curies":[{"name":"wp","href":"https:\/\/api.w.org\/{rel}","templated":true}]}}