{"id":515,"date":"2024-07-02T01:27:02","date_gmt":"2024-07-02T04:27:02","guid":{"rendered":"https:\/\/mariapien.com.ar\/?p=515"},"modified":"2024-07-02T01:35:39","modified_gmt":"2024-07-02T04:35:39","slug":"rec-vp-2-un-minuto","status":"publish","type":"post","link":"https:\/\/mariapien.com.ar\/index.php\/2024\/07\/02\/rec-vp-2-un-minuto\/","title":{"rendered":"REC\/ VP 2\/ Un minuto"},"content":{"rendered":"<h3>Este post es el segundo de una serie de once, en la que recopilo textos (los primeros cinco fueron subidos originalmente a ig) y material de archivo en torno a cada una de las canciones de &#8216;<em>Recordar\/ Volver a pasar&#8217;.<\/em><\/h3>\n<hr \/>\n<blockquote>\n<h4><span style=\"color: #003366;\">El tiempo, las huellas, su trazado secreto. <\/span><br \/>\n<span style=\"color: #003366;\">Lo vivo, viviente, sintiente, mutante. <\/span><br \/>\n<span style=\"color: #003366;\">Algunas consideraciones en torno a.<\/span><\/h4>\n<\/blockquote>\n<p>Si bien varios impulsos y fragmentos de otras canciones de <i>Recordar\/ Volver a pasar<\/i> salieron antes, <i>\u2018Un minuto\u2019<\/i> es la primera<span class=\"Apple-converted-space\">\u00a0<\/span> que pude terminar. Fue una de esas ocasiones bendecidas en las que baja todo junto, m\u00fasica y letra, como si alguien nos dictara.<span class=\"Apple-converted-space\">\u00a0<\/span><\/p>\n<p class=\"p1\">Como sali\u00f3 el a\u00f1o pasado (m\u00e1s precisamente el 2\/11\/22), ya escrib\u00ed varias veces sobre ella. Ya cont\u00e9 que la compuse a partir de una foto. Tambi\u00e9n ya hab\u00eda contado que sali\u00f3 toda de una. Lo que no me hab\u00eda dado cuenta es de qu\u00e9 manera el proceso creativo vivo que atraves\u00f3 en todos estos a\u00f1os se refleja en la versi\u00f3n grabada, y como esto se relaciona con el tema de esta canci\u00f3n, que es sobre todo <i>el tiempo<\/i>. Esto deber\u00eda haber sido obvio para m\u00ed ya desde el t\u00edtulo, pero no lo hab\u00eda pensado hasta anoche, hasta que me puse a rastrear las huellas de ese proceso. Les comparto a continuaci\u00f3n dos fragmentos de los varios demos o versiones anteriores de <i>\u2018Un minuto\u2019 <\/i>(s\u00e9 que hay al menos uno m\u00e1s, pero s\u00f3lo pude rastrear dos).<a href=\"https:\/\/www.instagram.com\/p\/CxqkhfWOtEv\/?img_index=9\"><em><span class=\"Apple-converted-space\"> Escuchar los demos en el post original en ig<\/span><\/em><\/a><\/p>\n<pre>(un recorte de) la foto \u00a0\u00a0                                dibujo de Emilia Molina para la portada<\/pre>\n<p><img decoding=\"async\" loading=\"lazy\" class=\"alignleft wp-image-517 size-medium\" src=\"https:\/\/mariapien.com.ar\/wp-content\/uploads\/2024\/07\/La-foto-de-Un-minuto-e1719893449557-300x300.jpeg\" alt=\"\" width=\"300\" height=\"300\" \/><img decoding=\"async\" loading=\"lazy\" class=\"size-medium wp-image-256 alignright\" src=\"https:\/\/mariapien.com.ar\/wp-content\/uploads\/2023\/04\/Uminuto-300x300.jpeg\" alt=\"\" width=\"300\" height=\"300\" \/><\/p>\n<p>&nbsp;<\/p>\n<p>&nbsp;<\/p>\n<p>&nbsp;<\/p>\n<p>&nbsp;<\/p>\n<p>&nbsp;<\/p>\n<p>&nbsp;<\/p>\n<p>&nbsp;<\/p>\n<p>&nbsp;<\/p>\n<p>&nbsp;<\/p>\n<p class=\"p1\">El primero es de 2016, lo grab\u00e9 para llevarla a un taller de Edgardo (Cardozo) de una sola tarde, que creo era para quienes ya hab\u00edamos pasado por el de tres meses: sin consigna previa, para ejercitar la escucha y la compartida con un grupo de colegas afines. Un dato curioso es que el final del 2do estribillo ten\u00eda una s\u00edlaba m\u00e1s en ese primer demo, dec\u00eda \u201cpara encontrar\u2026 <i>te<\/i>\u201d, y el recorte fue una sugerencia b\u00e1rbara de Silvina Moreno, que desde entonces cant\u00e9 y grab\u00e9 as\u00ed. El segundo es de 2017 y lo grab\u00e9 para mandarlo a una convocatoria en la que no qued\u00e9 seleccionada. El sample que no qued\u00f3 es de <i>Satchmo<\/i> (Louis Armstrong), no recuerdo de qu\u00e9 canci\u00f3n. Lo armamos con Guli, con quien tenemos en com\u00fan el haber crecido escuchando a Louis, \u00e9l a trav\u00e9s de su abuelo y yo a trav\u00e9s de mi viejo.<span class=\"Apple-converted-space\">\u00a0<\/span><\/p>\n<p class=\"p1\">Escuchando las versiones me doy cuenta de lo indispensable de todo ese tiempo que pas\u00f3. Me hace pensar en analog\u00edas que siempre uso, como el amasado, la fermentaci\u00f3n o el macerado en aceite, para hablar de lo que s\u00f3lo el tiempo puede hacer de\/ con\/ por nosotros y nuestra obra. Mi voz, la manera de cantar y de decir, el tempo (absolutamente clave haber podido ralentarla, cambia todo), todas las decisiones. Pienso tambi\u00e9n en lo hermoso que es que esta canci\u00f3n siga viva y mutando, que ahora en vivo la hagamos diferente.<span class=\"Apple-converted-space\">\u00a0<\/span><\/p>\n<p class=\"p1\">En la versi\u00f3n del disco, hubo una sincronicidad muy flashera con el audio de archivo que us\u00e9: hab\u00eda puesto mismo fragmento en dos canciones sin darme cuenta, en una al final y en otra al principio. El orden de los temas era diferente (como todo lo vivo, pas\u00f3 por varias mutaciones) y <i>\u2018Un minuto\u2019<\/i> estaba cerca del final. El d\u00eda en el que hice la lista definitiva me puse a escucharlas en el orden nuevo, y casi me ahogo de risa o de llanto por la extra\u00f1a coincidencia, que hac\u00eda que la transici\u00f3n entre las primeras dos canciones fuera\u2026 perfecta.<span class=\"Apple-converted-space\">\u00a0<\/span><\/p>\n<p class=\"p1\">Por \u00faltimo, puedo contar que el detalles de la guitarra que parece que llora en los estribillos fue un aporte m\u00e1gico de Guli, que adem\u00e1s elev\u00f3 todo como siempre con la mezcla justa. Tambi\u00e9n puedo contar que <a href=\"https:\/\/youtu.be\/KSWYFk68res?si=NF27vbZXM1CWX0Va\">esta canci\u00f3n tiene un videoclip incre\u00edble<\/a>, emocionante, que hizo mi hermano Lucio -montajista y director audiovisual- con material de archivo. Ah\u00ed se ve, entre muchos otros, el momento de \u201c<em>\u00bfQuer\u00e9s que te cuente algo, p\u00e1?<\/em>\u201d que yo hab\u00eda recortado para mi <em>patchwork<\/em> de wavs. Un regalo total poder crear algo juntes, cosa que nunca hab\u00edamos hecho de grandes.<\/p>\n<pre> autorretrato, verano de 2016\u00a0\u00a0                                       una d\u00e9cima para <em>'Un minuto'<\/em><\/pre>\n<p><img decoding=\"async\" loading=\"lazy\" class=\"size-medium wp-image-521 alignleft\" src=\"https:\/\/mariapien.com.ar\/wp-content\/uploads\/2024\/07\/Autorretrato-enero-2016-300x300.jpeg\" alt=\"\" width=\"300\" height=\"300\" \/><img decoding=\"async\" loading=\"lazy\" class=\"wp-image-516 size-medium alignright\" src=\"https:\/\/mariapien.com.ar\/wp-content\/uploads\/2024\/07\/Captura-de-Pantalla-2024-07-02-a-las-01.02.16-300x300.png\" alt=\"\" width=\"300\" height=\"300\" \/><\/p>\n","protected":false},"excerpt":{"rendered":"<p>Este post es el segundo de una serie de once, en la que recopilo textos (los primeros cinco fueron subidos originalmente a ig) y material de archivo en torno a cada una de las canciones de &#8216;Recordar\/ Volver a pasar&#8217;. El tiempo, las huellas, su trazado secreto. Lo vivo, viviente, sintiente, mutante. Algunas consideraciones en [&hellip;]<\/p>\n","protected":false},"author":1,"featured_media":0,"comment_status":"closed","ping_status":"open","sticky":false,"template":"","format":"standard","meta":{"_et_pb_use_builder":"","_et_pb_old_content":"","_et_gb_content_width":""},"categories":[5],"tags":[],"_links":{"self":[{"href":"https:\/\/mariapien.com.ar\/index.php\/wp-json\/wp\/v2\/posts\/515"}],"collection":[{"href":"https:\/\/mariapien.com.ar\/index.php\/wp-json\/wp\/v2\/posts"}],"about":[{"href":"https:\/\/mariapien.com.ar\/index.php\/wp-json\/wp\/v2\/types\/post"}],"author":[{"embeddable":true,"href":"https:\/\/mariapien.com.ar\/index.php\/wp-json\/wp\/v2\/users\/1"}],"replies":[{"embeddable":true,"href":"https:\/\/mariapien.com.ar\/index.php\/wp-json\/wp\/v2\/comments?post=515"}],"version-history":[{"count":9,"href":"https:\/\/mariapien.com.ar\/index.php\/wp-json\/wp\/v2\/posts\/515\/revisions"}],"predecessor-version":[{"id":527,"href":"https:\/\/mariapien.com.ar\/index.php\/wp-json\/wp\/v2\/posts\/515\/revisions\/527"}],"wp:attachment":[{"href":"https:\/\/mariapien.com.ar\/index.php\/wp-json\/wp\/v2\/media?parent=515"}],"wp:term":[{"taxonomy":"category","embeddable":true,"href":"https:\/\/mariapien.com.ar\/index.php\/wp-json\/wp\/v2\/categories?post=515"},{"taxonomy":"post_tag","embeddable":true,"href":"https:\/\/mariapien.com.ar\/index.php\/wp-json\/wp\/v2\/tags?post=515"}],"curies":[{"name":"wp","href":"https:\/\/api.w.org\/{rel}","templated":true}]}}