{"id":704,"date":"2025-09-26T01:17:30","date_gmt":"2025-09-26T04:17:30","guid":{"rendered":"https:\/\/mariapien.com.ar\/?p=704"},"modified":"2025-09-26T01:42:36","modified_gmt":"2025-09-26T04:42:36","slug":"ojo_de_poeta","status":"publish","type":"post","link":"https:\/\/mariapien.com.ar\/index.php\/2025\/09\/26\/ojo_de_poeta\/","title":{"rendered":"Ojo de poeta"},"content":{"rendered":"<p class=\"p1\">Queridas personas,<span class=\"Apple-converted-space\">\u00a0<\/span><\/p>\n<p class=\"p1\">Tomo la palabra para compartirles algunos sentipensares.<span class=\"Apple-converted-space\">\u00a0<\/span>Me siento cansada y sobreestimulada, e intuyo que muches de ustedes tambi\u00e9n, por lo que intentar\u00e9 ser breve.<span class=\"Apple-converted-space\"> [Spoiler: mmnn bueno, sali\u00f3 m\u00e1s o menos esa parte]<\/span><\/p>\n<p class=\"p1\">\u201c<i>Que lo urgente no te tape lo importante<\/i>\u201d, dice el refr\u00e1n. Siento que es buen momento para recordarlo, ya que si algo abunda hoy son las urgencias, y esto es as\u00ed a\u00fan desde el mayor o menor grado de privilegio en el que cada une se reconozca. En criollo, las papas queman. Quiz\u00e1s, entonces, cabe preguntarnos con sinceridad <i>qu\u00e9 es lo que realmente nos importa<\/i>, adem\u00e1s de salvar las papas.<\/p>\n<p class=\"p1\">De este lado, siempre quiero poder hacer tiempo para el cultivo silencioso y cotidiano de la subjetividad: prestar atenci\u00f3n a lo que me conmueve, a lo que me toca una fibra, que no se me haga callo el alma ni el coraz\u00f3n, que la edad y las experiencias -en especial las amargas- me fermenten y no me vuelvan m\u00e1s rancia.<span class=\"Apple-converted-space\">\u00a0<\/span><\/p>\n<p class=\"p1\">Esa es, en parte, la invitaci\u00f3n que hago en los grupos del taller de composici\u00f3n de canciones. Hacer tiempo (alg\u00fan tiempo, diez minutos es mucho mejor que nada y m\u00e1s posible) para la escucha, para el juego, para la apreciar lo bello y lo roto en nosotres y en lo que nos rodea.<span class=\"Apple-converted-space\">\u00a0<\/span><\/p>\n<p><img decoding=\"async\" loading=\"lazy\" class=\"aligncenter wp-image-705 size-full\" src=\"https:\/\/mariapien.com.ar\/wp-content\/uploads\/2025\/09\/ojo-de-poeta.webp\" alt=\"\" width=\"1000\" height=\"624\" srcset=\"https:\/\/mariapien.com.ar\/wp-content\/uploads\/2025\/09\/ojo-de-poeta.webp 1000w, https:\/\/mariapien.com.ar\/wp-content\/uploads\/2025\/09\/ojo-de-poeta-980x612.webp 980w, https:\/\/mariapien.com.ar\/wp-content\/uploads\/2025\/09\/ojo-de-poeta-480x300.webp 480w\" sizes=\"(min-width: 0px) and (max-width: 480px) 480px, (min-width: 481px) and (max-width: 980px) 980px, (min-width: 981px) 1000px, 100vw\" \/><\/p>\n<p class=\"p1\" style=\"text-align: right;\"><i><b>Thunbergia alata \u2013 Ojo de poeta\u00a0<\/b><\/i><\/p>\n<p class=\"p1\">Si tenemos el impulso de crear, entonces toca hacer algo con eso: transmutarlo en colores, sonidos, relatos, m\u00fasica, poes\u00eda (<a href=\"https:\/\/www.youtube.com\/watch?v=VEo4Dogh0Bo\">estoy citando un poco mal a Borges<\/a>), en un pul\u00f3ver tejido a mano o en una rica lasagna casera (eso lo agregu\u00e9 yo, que ya estoy con hambre). Los ejercicios musicales o de escritura, el an\u00e1lisis de letras de canciones, toda pr\u00e1ctica concreta que nos ponga manos a la obra es necesaria, desde ya. Pero si no abrimos un tiempo-espacio para el cultivo de lo que nos conmueve, de lo que &#8211;<a href=\"https:\/\/drive.google.com\/file\/d\/1ryXc5F20ozYAbRKrR_VpUSwvDFUQ3dhk\/view?usp=sharing\">como dice Jim Jarmusch en sus \u2018Cinco reglas\u2019<\/a>&#8211; \u201c<i>le habla directamente a tu alma<\/i>\u201d, nos dejaremos llevar por deseos y expectativas ajenas respecto de lo que es el \u201c\u00e9xito\u201d y el \u201cfracaso\u201d, de lo que es <i>cool<\/i> o lo que \u201cgarpa\u201d en un determinado momento y lugar, alej\u00e1ndonos de nuestra voz aut\u00e9ntica. <span class=\"Apple-converted-space\">\u00a0<\/span><\/p>\n<p class=\"p1\">Incluso, llegando a traicionarla. Esto lo s\u00e9 porque he sentido en mi cuerpo ese peligro.<span class=\"Apple-converted-space\">\u00a0<\/span><\/p>\n<p class=\"p1\">Una canci\u00f3n es un ser vivo que respira, nace, crece, se expande y se contrae a su tiempo, a su manera. Es un acertijo que se resuelve a s\u00ed mismo, y aunque algunas veces suceda de sopet\u00f3n, no se la puede apurar. Parece contradictorio, y es que una canci\u00f3n puede contradecirse, tensarse como un arco y al mismo tiempo ser la flecha, certera, fatal.<\/p>\n<p class=\"p1\">Desconf\u00edo de cualquier persona que diga que tiene la f\u00f3rmula, la posta, la llave o la respuesta a c\u00f3mo hacer canciones. La canci\u00f3n es una pregunta abierta, es un ave cuya trayectoria no se puede predecir. Con algo de pr\u00e1ctica y un poco de suerte, a lo mejor, podemos aprender a escuchar su canto, a tirar del hilo, para que ella aparezca y nosotres desaparecer. Y, al igual que con las aves, hay pocas cosas m\u00e1s tristes que una canci\u00f3n encerrada en una jaula.<span class=\"Apple-converted-space\">\u00a0<\/span><\/p>\n<p class=\"p1\">As\u00ed que, adem\u00e1s de invitar a quienes sientan curiosidad a pasar por la pesta\u00f1a \u2018talleres\u2019 de esta mism\u00edsima p\u00e1gina web para chusmear el programa de <i>A la luz de la estrella<\/i> y anotarse a alguno de los grupos de primavera, con ese mismo amor por las canciones les invito a escuchar las que tenemos para cantarles el <b>s\u00e1bado 11 de octubre <\/b>en el CC Thames junto a mi banda, La Sensible: piano, bandone\u00f3n, viol\u00edn, guitarras, bajo, bater\u00eda, y en esta ocasi\u00f3n tambi\u00e9n flauta traversa y varias voces invitadas, un hermoso grupo de personas al servicio de hacer sonar un pu\u00f1ado de canciones en el aire, en tiempo real. Va a ser la \u00fanica vez<span class=\"Apple-converted-space\">\u00a0<\/span>en el a\u00f1o que hagamos algo as\u00ed, y en un buen tiempo.<span class=\"Apple-converted-space\">\u00a0<\/span><\/p>\n<p class=\"p1\">Les esperamos para compartirlo con ustedes, parte fundamental de lo que ah\u00ed suceda. Es para ustedes, y es con ustedes. A prop\u00f3sito, \u00a1\u00bfya les cont\u00e9 que lo vamos a grabar en vivo?!<span class=\"Apple-converted-space\">\u00a0<\/span><\/p>\n<p class=\"p1\">No dejemos de proponer otras formas<span class=\"Apple-converted-space\">\u00a0<\/span>de habitar, de ser, de existir.<span class=\"Apple-converted-space\"><br \/>\n<\/span>No somos m\u00e1quinas de consumir y trabajar.<br \/>\nPermanezcamos sensibles,<span class=\"Apple-converted-space\">\u00a0<\/span>a\u00fan en estos tiempos.<span class=\"Apple-converted-space\"><br \/>\n<\/span>M\u00e1s a\u00fan en estos tiempos.<span class=\"Apple-converted-space\">\u00a0<\/span><\/p>\n<p class=\"p1\">Con la esperanza de verles del otro lado de la pantallita, les abrazo,<br \/>\n\u2013M<\/p>\n<p>Pd. Escrib\u00ed este poema en el cierre del uno de los grupos de invierno, a partir de palabras encontradas en el libro &#8216;<em>Ikebana pol\u00edtica<\/em>&#8216;, de Claudia del R\u00edo.<\/p>\n<p><img decoding=\"async\" loading=\"lazy\" class=\"size-full wp-image-710 alignleft\" src=\"https:\/\/mariapien.com.ar\/wp-content\/uploads\/2025\/09\/Captura-de-Pantalla-2025-09-26-a-las-01.28.58.png\" alt=\"\" width=\"370\" height=\"470\" srcset=\"https:\/\/mariapien.com.ar\/wp-content\/uploads\/2025\/09\/Captura-de-Pantalla-2025-09-26-a-las-01.28.58.png 370w, https:\/\/mariapien.com.ar\/wp-content\/uploads\/2025\/09\/Captura-de-Pantalla-2025-09-26-a-las-01.28.58-236x300.png 236w\" sizes=\"(max-width: 370px) 100vw, 370px\" \/><\/p>\n","protected":false},"excerpt":{"rendered":"<p>Queridas personas,\u00a0 Tomo la palabra para compartirles algunos sentipensares.\u00a0Me siento cansada y sobreestimulada, e intuyo que muches de ustedes tambi\u00e9n, por lo que intentar\u00e9 ser breve. [Spoiler: mmnn bueno, sali\u00f3 m\u00e1s o menos esa parte] \u201cQue lo urgente no te tape lo importante\u201d, dice el refr\u00e1n. Siento que es buen momento para recordarlo, ya que [&hellip;]<\/p>\n","protected":false},"author":1,"featured_media":0,"comment_status":"closed","ping_status":"open","sticky":false,"template":"","format":"standard","meta":{"_et_pb_use_builder":"","_et_pb_old_content":"","_et_gb_content_width":""},"categories":[20,21,19],"tags":[18],"_links":{"self":[{"href":"https:\/\/mariapien.com.ar\/index.php\/wp-json\/wp\/v2\/posts\/704"}],"collection":[{"href":"https:\/\/mariapien.com.ar\/index.php\/wp-json\/wp\/v2\/posts"}],"about":[{"href":"https:\/\/mariapien.com.ar\/index.php\/wp-json\/wp\/v2\/types\/post"}],"author":[{"embeddable":true,"href":"https:\/\/mariapien.com.ar\/index.php\/wp-json\/wp\/v2\/users\/1"}],"replies":[{"embeddable":true,"href":"https:\/\/mariapien.com.ar\/index.php\/wp-json\/wp\/v2\/comments?post=704"}],"version-history":[{"count":6,"href":"https:\/\/mariapien.com.ar\/index.php\/wp-json\/wp\/v2\/posts\/704\/revisions"}],"predecessor-version":[{"id":713,"href":"https:\/\/mariapien.com.ar\/index.php\/wp-json\/wp\/v2\/posts\/704\/revisions\/713"}],"wp:attachment":[{"href":"https:\/\/mariapien.com.ar\/index.php\/wp-json\/wp\/v2\/media?parent=704"}],"wp:term":[{"taxonomy":"category","embeddable":true,"href":"https:\/\/mariapien.com.ar\/index.php\/wp-json\/wp\/v2\/categories?post=704"},{"taxonomy":"post_tag","embeddable":true,"href":"https:\/\/mariapien.com.ar\/index.php\/wp-json\/wp\/v2\/tags?post=704"}],"curies":[{"name":"wp","href":"https:\/\/api.w.org\/{rel}","templated":true}]}}